{"id":1039,"date":"2020-04-20T13:38:06","date_gmt":"2020-04-20T12:38:06","guid":{"rendered":"http:\/\/sv-struthuetten.de\/?p=1039"},"modified":"2020-05-19T09:34:20","modified_gmt":"2020-05-19T08:34:20","slug":"schuetzenfest-2020","status":"publish","type":"post","link":"https:\/\/sv-struthuetten.de\/aktuelles\/schuetzenfest-2020\/","title":{"rendered":"Sch\u00fctzenfest 2020"},"content":{"rendered":"\n<h2 class=\"wp-block-heading\">Der Vorstand informiert:<\/h2>\n\n\n\n<p><strong>Mit Bedauern m\u00fcssen wir leider das Vogelschie\u00dfen und Sch\u00fctzenfest in diesem Jahr aufgrund der <br>aktuellen Lage(Corona) absagen.<\/strong><\/p>\n","protected":false},"excerpt":{"rendered":"<p>Der Vorstand informiert: Mit Bedauern m\u00fcssen wir leider das Vogelschie\u00dfen und Sch\u00fctzenfest in diesem Jahr aufgrund der aktuellen Lage(Corona) absagen.<\/p>\n","protected":false},"author":1,"featured_media":0,"comment_status":"closed","ping_status":"closed","sticky":false,"template":"","format":"standard","meta":{"ngg_post_thumbnail":0,"footnotes":""},"categories":[1],"tags":[],"class_list":["post-1039","post","type-post","status-publish","format-standard","hentry","category-aktuelles"],"_links":{"self":[{"href":"https:\/\/sv-struthuetten.de\/aktuelles\/wp-json\/wp\/v2\/posts\/1039","targetHints":{"allow":["GET"]}}],"collection":[{"href":"https:\/\/sv-struthuetten.de\/aktuelles\/wp-json\/wp\/v2\/posts"}],"about":[{"href":"https:\/\/sv-struthuetten.de\/aktuelles\/wp-json\/wp\/v2\/types\/post"}],"author":[{"embeddable":true,"href":"https:\/\/sv-struthuetten.de\/aktuelles\/wp-json\/wp\/v2\/users\/1"}],"replies":[{"embeddable":true,"href":"https:\/\/sv-struthuetten.de\/aktuelles\/wp-json\/wp\/v2\/comments?post=1039"}],"version-history":[{"count":4,"href":"https:\/\/sv-struthuetten.de\/aktuelles\/wp-json\/wp\/v2\/posts\/1039\/revisions"}],"predecessor-version":[{"id":1049,"href":"https:\/\/sv-struthuetten.de\/aktuelles\/wp-json\/wp\/v2\/posts\/1039\/revisions\/1049"}],"wp:attachment":[{"href":"https:\/\/sv-struthuetten.de\/aktuelles\/wp-json\/wp\/v2\/media?parent=1039"}],"wp:term":[{"taxonomy":"category","embeddable":true,"href":"https:\/\/sv-struthuetten.de\/aktuelles\/wp-json\/wp\/v2\/categories?post=1039"},{"taxonomy":"post_tag","embeddable":true,"href":"https:\/\/sv-struthuetten.de\/aktuelles\/wp-json\/wp\/v2\/tags?post=1039"}],"curies":[{"name":"wp","href":"https:\/\/api.w.org\/{rel}","templated":true}]}}