{"id":1561,"date":"2020-04-21T15:29:42","date_gmt":"2020-04-21T14:29:42","guid":{"rendered":"http:\/\/sv-struthuetten.de\/?p=1561"},"modified":"2020-05-19T09:34:33","modified_gmt":"2020-05-19T08:34:33","slug":"pressemitteilung-von-der-64-jhv-am-samstag-1-2-2020","status":"publish","type":"post","link":"https:\/\/sv-struthuetten.de\/aktuelles\/pressemitteilung-von-der-64-jhv-am-samstag-1-2-2020\/","title":{"rendered":"Pressemitteilung von der 64. JHV am Samstag, 1.2.2020"},"content":{"rendered":"\n<div class=\"wp-block-media-text alignwide is-stacked-on-mobile\" style=\"grid-template-columns:20% auto\"><figure class=\"wp-block-media-text__media\"><img loading=\"lazy\" decoding=\"async\" width=\"337\" height=\"254\" src=\"http:\/\/sv-struthuetten.de\/wp-content\/uploads\/2020\/04\/Logosvs.jpg\" alt=\"\" class=\"wp-image-1562\" srcset=\"https:\/\/sv-struthuetten.de\/wp-content\/uploads\/2020\/04\/Logosvs.jpg 337w, https:\/\/sv-struthuetten.de\/wp-content\/uploads\/2020\/04\/Logosvs-300x226.jpg 300w, https:\/\/sv-struthuetten.de\/wp-content\/uploads\/2020\/04\/Logosvs-80x60.jpg 80w\" sizes=\"auto, (max-width: 337px) 100vw, 337px\" \/><\/figure><div class=\"wp-block-media-text__content\">\n<p>Um 15:00 Uhr trafen sich 35 Mitglieder des SV-Struth\u00fctten zu der 64. JHV im Sch\u00fctzenhaus.<br><br>Nach der Begr\u00fc\u00dfung durch den ersten Vorsitzenden, Thomas Helsper, wurde der Verstorbenen des Vereins gedacht.<br><br>Es folgten die Berichte des Ersten Vorsitzenden, des Protokollf\u00fchrers und des ersten Kassierers.<\/p>\n<\/div><\/div>\n\n\n\n<p>Der erste Kassierer, Dirk Hofmann, schied aus seinem Amt aus und stand nicht mehr weiter zu Verf\u00fcgung. Mit einem Pr\u00e4sent und einem herzliches Danke f\u00fcr die in 12 Jahren geleistete Arbeit wird Dirk Hofmann vom ersten Vorsitzenden verabschiedet.<\/p>\n\n\n\n<p>Die beiden Kassenpr\u00fcfer gaben ihren Bericht an die Versammelten weiter und baten um die Entlastung des Vorstandes, der einstimmig von der Versammlung erteilt wurde.<\/p>\n\n\n\n<p>Der Schie\u00dfleiter der BDS &#8211; Gruppe lie\u00df das Sportjahr 2019 Revue passieren und zeichnete die Gewinner der Vereinsmeisterschaft 2019 mit Ehrennadeln aus. Ausgezeichnet au\u00dferdem auch Lukas Engelhard mit der Sch\u00fctzenschnur in Silber und Kevin Baumann mit der Sch\u00fctzenschnur in Gr\u00fcn.<\/p>\n\n\n\n<p>Der Jugendleiter berichtete dass im Jahr 2019 aus verschiedenen Gr\u00fcnden kein regul\u00e4res Training durchgef\u00fchrt werden konnte und es immer schwerer ist Jugendliche f\u00fcr den Schie\u00dfsport zu begeistern.<br>Um das zu \u00e4ndern soll in der Zukunft verst\u00e4rkt an Jugendliche herangetreten werden, da nur Nachwuchs das Weiterbestehen eines jeden Vereins dauerhaft sichern kann. Aktuell hat der Verein ca. 150 Mitglieder. Davon sind mehr als ein Drittel \u00e4lter als 60 Jahre alt.<\/p>\n\n\n\n<p>Wahlen laut Satzung: Es stand die Wahl des zweiten Vorsitzenden, des Ersten Kassierers, eines Kassenpr\u00fcfers f\u00fcr Zwei Jahre und des ersten Schie\u00dfleiters an.<\/p>\n\n\n\n<p>2. Vorsitzender Frank Euteneuer in Wiederwahl mit einstimmiger Zustimmung.<\/p>\n\n\n\n<p>1. Kassierer: Carsten Fischbach mit 35 Ja &#8211; Stimmen.<\/p>\n\n\n\n<p>Zur Kassenpr\u00fcferin: Daniela Hain f\u00fcr Zwei Jahre mit 35 Ja \u2013 Stimmen.<\/p>\n\n\n\n<p>1. Schie\u00dfleiter: Christian Stahl in Wiederwahl mit einstimmiger Zustimmung<\/p>\n\n\n\n<p>Um 16:55 Uhr wurde die 64. Jahreshauptversammlung vom Ersten Vorsitzenden geschlossen<\/p>\n\n\n\n<p><\/p>\n\n\n\n<p>Struth\u00fctten, 3.2.2020\u00a0\u00a0\u00a0\u00a0\u00a0\u00a0\u00a0\u00a0\u00a0\u00a0\u00a0\u00a0\u00a0\u00a0\u00a0\u00a0\u00a0\u00a0\u00a0\u00a0\u00a0\u00a0\u00a0\u00a0\u00a0\u00a0\u00a0\u00a0\u00a0\u00a0\u00a0\u00a0\u00a0\u00a0\u00a0\u00a0\u00a0\u00a0\u00a0\u00a0\u00a0\u00a0\u00a0\u00a0 Pressewart, Werner D\u00f6rr<\/p>\n","protected":false},"excerpt":{"rendered":"<p>Um 15:00 Uhr trafen sich 35 Mitglieder des SV-Struth\u00fctten zu der 64. JHV im Sch\u00fctzenhaus. Nach der Begr\u00fc\u00dfung durch den ersten Vorsitzenden, Thomas Helsper, wurde der Verstorbenen des Vereins gedacht. Es folgten die Berichte des Ersten Vorsitzenden, des Protokollf\u00fchrers und des ersten Kassierers. Der erste Kassierer, Dirk Hofmann, schied aus seinem Amt aus und stand nicht mehr weiter zu Verf\u00fcgung. Mit einem Pr\u00e4sent und einem herzliches Danke f\u00fcr die in 12 Jahren geleistete Arbeit wird Dirk Hofmann vom ersten Vorsitzenden verabschiedet. Die beiden Kassenpr\u00fcfer gaben ihren Bericht an die Versammelten weiter und baten um die Entlastung des Vorstandes, der einstimmig [&hellip;]<\/p>\n","protected":false},"author":1,"featured_media":0,"comment_status":"closed","ping_status":"closed","sticky":false,"template":"","format":"standard","meta":{"ngg_post_thumbnail":0,"footnotes":""},"categories":[1],"tags":[10,8,9],"class_list":["post-1561","post","type-post","status-publish","format-standard","hentry","category-aktuelles","tag-10","tag-64-jhv","tag-jahreshauptversammlung"],"_links":{"self":[{"href":"https:\/\/sv-struthuetten.de\/aktuelles\/wp-json\/wp\/v2\/posts\/1561","targetHints":{"allow":["GET"]}}],"collection":[{"href":"https:\/\/sv-struthuetten.de\/aktuelles\/wp-json\/wp\/v2\/posts"}],"about":[{"href":"https:\/\/sv-struthuetten.de\/aktuelles\/wp-json\/wp\/v2\/types\/post"}],"author":[{"embeddable":true,"href":"https:\/\/sv-struthuetten.de\/aktuelles\/wp-json\/wp\/v2\/users\/1"}],"replies":[{"embeddable":true,"href":"https:\/\/sv-struthuetten.de\/aktuelles\/wp-json\/wp\/v2\/comments?post=1561"}],"version-history":[{"count":1,"href":"https:\/\/sv-struthuetten.de\/aktuelles\/wp-json\/wp\/v2\/posts\/1561\/revisions"}],"predecessor-version":[{"id":1563,"href":"https:\/\/sv-struthuetten.de\/aktuelles\/wp-json\/wp\/v2\/posts\/1561\/revisions\/1563"}],"wp:attachment":[{"href":"https:\/\/sv-struthuetten.de\/aktuelles\/wp-json\/wp\/v2\/media?parent=1561"}],"wp:term":[{"taxonomy":"category","embeddable":true,"href":"https:\/\/sv-struthuetten.de\/aktuelles\/wp-json\/wp\/v2\/categories?post=1561"},{"taxonomy":"post_tag","embeddable":true,"href":"https:\/\/sv-struthuetten.de\/aktuelles\/wp-json\/wp\/v2\/tags?post=1561"}],"curies":[{"name":"wp","href":"https:\/\/api.w.org\/{rel}","templated":true}]}}