{"id":1677,"date":"2021-06-29T11:19:20","date_gmt":"2021-06-29T09:19:20","guid":{"rendered":"http:\/\/sv-struthuetten.de\/?p=1677"},"modified":"2022-07-11T13:32:28","modified_gmt":"2022-07-11T11:32:28","slug":"wiederaufnahme-des-schiessbetriebes","status":"publish","type":"post","link":"https:\/\/sv-struthuetten.de\/aktuelles\/wiederaufnahme-des-schiessbetriebes\/","title":{"rendered":"Wiederaufnahme des Schie\u00dfbetriebes"},"content":{"rendered":"\n<p>Am Freitag den 21.05.2021 war es soweit!<br><br>Der Pistolenstand und der Au\u00dfenbereich haben ihre Pforten das erste mal in diesem Jahr ge\u00f6ffnet.<br>Der Inzidenzwert erlaubt zudem seit dem 11.06.2021 den &#8222;Normalbetrieb&#8220; im Sch\u00fctzenhaus.<br><br>Das bedeutet alle St\u00e4nde haben ge\u00f6ffnet und es kann wieder trainiert werden.<br><br>Au\u00dferdem hat am 26.06.2021 die Jahreshauptversammlung stattgefunden.<br>Die Pressemitteilung folgt..<\/p>\n","protected":false},"excerpt":{"rendered":"<p>Am Freitag den 21.05.2021 war es soweit! Der Pistolenstand und der Au\u00dfenbereich haben ihre Pforten das erste mal in diesem Jahr ge\u00f6ffnet.Der Inzidenzwert erlaubt zudem seit dem 11.06.2021 den &#8222;Normalbetrieb&#8220; im Sch\u00fctzenhaus. Das bedeutet alle St\u00e4nde haben ge\u00f6ffnet und es kann wieder trainiert werden. Au\u00dferdem hat am 26.06.2021 die Jahreshauptversammlung stattgefunden.Die Pressemitteilung folgt..<\/p>\n","protected":false},"author":1,"featured_media":0,"comment_status":"closed","ping_status":"closed","sticky":false,"template":"","format":"standard","meta":{"ngg_post_thumbnail":0,"footnotes":""},"categories":[1],"tags":[],"class_list":["post-1677","post","type-post","status-publish","format-standard","hentry","category-aktuelles"],"_links":{"self":[{"href":"https:\/\/sv-struthuetten.de\/aktuelles\/wp-json\/wp\/v2\/posts\/1677","targetHints":{"allow":["GET"]}}],"collection":[{"href":"https:\/\/sv-struthuetten.de\/aktuelles\/wp-json\/wp\/v2\/posts"}],"about":[{"href":"https:\/\/sv-struthuetten.de\/aktuelles\/wp-json\/wp\/v2\/types\/post"}],"author":[{"embeddable":true,"href":"https:\/\/sv-struthuetten.de\/aktuelles\/wp-json\/wp\/v2\/users\/1"}],"replies":[{"embeddable":true,"href":"https:\/\/sv-struthuetten.de\/aktuelles\/wp-json\/wp\/v2\/comments?post=1677"}],"version-history":[{"count":5,"href":"https:\/\/sv-struthuetten.de\/aktuelles\/wp-json\/wp\/v2\/posts\/1677\/revisions"}],"predecessor-version":[{"id":7463,"href":"https:\/\/sv-struthuetten.de\/aktuelles\/wp-json\/wp\/v2\/posts\/1677\/revisions\/7463"}],"wp:attachment":[{"href":"https:\/\/sv-struthuetten.de\/aktuelles\/wp-json\/wp\/v2\/media?parent=1677"}],"wp:term":[{"taxonomy":"category","embeddable":true,"href":"https:\/\/sv-struthuetten.de\/aktuelles\/wp-json\/wp\/v2\/categories?post=1677"},{"taxonomy":"post_tag","embeddable":true,"href":"https:\/\/sv-struthuetten.de\/aktuelles\/wp-json\/wp\/v2\/tags?post=1677"}],"curies":[{"name":"wp","href":"https:\/\/api.w.org\/{rel}","templated":true}]}}