{"id":7549,"date":"2025-01-10T10:31:19","date_gmt":"2025-01-10T08:31:19","guid":{"rendered":"https:\/\/sv-struthuetten.de\/aktuelles\/wir-sind-jetzt-digital-auf-der-hoehe-der-zeit\/wir-sind-jetzt-digital-auf-der-hoehe-der-zeit\/?p=7549"},"modified":"2025-01-10T10:31:19","modified_gmt":"2025-01-10T08:31:19","slug":"einladung-zur-69-jahreshauptversammlung-des-sv-struthuetten","status":"publish","type":"post","link":"https:\/\/sv-struthuetten.de\/aktuelles\/einladung-zur-69-jahreshauptversammlung-des-sv-struthuetten\/","title":{"rendered":"Einladung zur 69. Jahreshauptversammlung des SV Struth\u00fctten"},"content":{"rendered":"\n<p>Der Sch\u00fctzenverein Struth\u00fctten l\u00e4dt alle Mitglieder herzlich zur <strong>69. Jahreshauptversammlung<\/strong> ein.<\/p>\n\n\n\n<p>Diese findet am <strong>Samstag, den 1. Februar 2025<\/strong>, um <strong>15:00 Uhr<\/strong> im <strong>Sch\u00fctzenhaus<\/strong> statt.<\/p>\n\n\n\n<p>Auf der Tagesordnung stehen wichtige Punkte wie Berichte des Vorstands und verschiedener Bereiche, Entlastung des Vorstands sowie Neuwahlen laut Satzung. <\/p>\n\n\n\n<p>Antr\u00e4ge k\u00f6nnen bis zum <strong>18. Januar 2025<\/strong> schriftlich beim 1. Vorsitzenden eingereicht werden.<\/p>\n\n\n\n<p>Wir freuen uns auf eine rege Teilnahme und einen konstruktiven Austausch!<\/p>\n\n\n\n<p>Thomas Hesper, 1. Vorsitzender<\/p>\n\n\n\n<figure class=\"wp-block-image size-large\"><img loading=\"lazy\" decoding=\"async\" width=\"819\" height=\"1024\" src=\"https:\/\/sv-struthuetten.de\/wp-content\/uploads\/2025\/01\/1000031187-819x1024.jpg\" alt=\"\" class=\"wp-image-7550\" srcset=\"https:\/\/sv-struthuetten.de\/wp-content\/uploads\/2025\/01\/1000031187-819x1024.jpg 819w, https:\/\/sv-struthuetten.de\/wp-content\/uploads\/2025\/01\/1000031187-240x300.jpg 240w, https:\/\/sv-struthuetten.de\/wp-content\/uploads\/2025\/01\/1000031187-768x960.jpg 768w, https:\/\/sv-struthuetten.de\/wp-content\/uploads\/2025\/01\/1000031187-1229x1536.jpg 1229w, https:\/\/sv-struthuetten.de\/wp-content\/uploads\/2025\/01\/1000031187.jpg 1638w\" sizes=\"auto, (max-width: 819px) 100vw, 819px\" \/><\/figure>\n","protected":false},"excerpt":{"rendered":"<p>Der Sch\u00fctzenverein Struth\u00fctten l\u00e4dt alle Mitglieder herzlich zur 69. Jahreshauptversammlung ein. Diese findet am Samstag, den 1. Februar 2025, um 15:00 Uhr im Sch\u00fctzenhaus statt. Auf der Tagesordnung stehen wichtige Punkte wie Berichte des Vorstands und verschiedener Bereiche, Entlastung des Vorstands sowie Neuwahlen laut Satzung. Antr\u00e4ge k\u00f6nnen bis zum 18. Januar 2025 schriftlich beim 1. Vorsitzenden eingereicht werden. Wir freuen uns auf eine rege Teilnahme und einen konstruktiven Austausch! Thomas Hesper, 1. Vorsitzender<\/p>\n","protected":false},"author":1,"featured_media":0,"comment_status":"closed","ping_status":"closed","sticky":false,"template":"","format":"standard","meta":{"ngg_post_thumbnail":0,"footnotes":""},"categories":[1],"tags":[],"class_list":["post-7549","post","type-post","status-publish","format-standard","hentry","category-aktuelles"],"_links":{"self":[{"href":"https:\/\/sv-struthuetten.de\/aktuelles\/wp-json\/wp\/v2\/posts\/7549","targetHints":{"allow":["GET"]}}],"collection":[{"href":"https:\/\/sv-struthuetten.de\/aktuelles\/wp-json\/wp\/v2\/posts"}],"about":[{"href":"https:\/\/sv-struthuetten.de\/aktuelles\/wp-json\/wp\/v2\/types\/post"}],"author":[{"embeddable":true,"href":"https:\/\/sv-struthuetten.de\/aktuelles\/wp-json\/wp\/v2\/users\/1"}],"replies":[{"embeddable":true,"href":"https:\/\/sv-struthuetten.de\/aktuelles\/wp-json\/wp\/v2\/comments?post=7549"}],"version-history":[{"count":1,"href":"https:\/\/sv-struthuetten.de\/aktuelles\/wp-json\/wp\/v2\/posts\/7549\/revisions"}],"predecessor-version":[{"id":7551,"href":"https:\/\/sv-struthuetten.de\/aktuelles\/wp-json\/wp\/v2\/posts\/7549\/revisions\/7551"}],"wp:attachment":[{"href":"https:\/\/sv-struthuetten.de\/aktuelles\/wp-json\/wp\/v2\/media?parent=7549"}],"wp:term":[{"taxonomy":"category","embeddable":true,"href":"https:\/\/sv-struthuetten.de\/aktuelles\/wp-json\/wp\/v2\/categories?post=7549"},{"taxonomy":"post_tag","embeddable":true,"href":"https:\/\/sv-struthuetten.de\/aktuelles\/wp-json\/wp\/v2\/tags?post=7549"}],"curies":[{"name":"wp","href":"https:\/\/api.w.org\/{rel}","templated":true}]}}